{"id":852,"date":"2022-05-30T10:58:11","date_gmt":"2022-05-30T10:58:11","guid":{"rendered":"https:\/\/www.felvidekiborasz.sk\/?p=852"},"modified":"2022-05-30T11:02:19","modified_gmt":"2022-05-30T11:02:19","slug":"1-csiki-majalis-csikszeredan","status":"publish","type":"post","link":"https:\/\/www.felvidekiborasz.sk\/sk_sk\/1-csiki-majalis-csikszeredan\/","title":{"rendered":"1. Cs\u00edki Maj\u00e1lis Cs\u00edkszered\u00e1n"},"content":{"rendered":"<p>2022. m\u00e1jus 13-15. k\u00f6z\u00f6tt ker\u00fclt megrendez\u00e9sre az 1. Cs\u00edki Maj\u00e1lis Cs\u00edkszered\u00e1n, ezen bel\u00fcl is a Kincses Pince elnevez\u00e9s\u0171 bork\u00f3stol\u00f3, ahol Felvid\u00e9ket sz\u00e1m szerint h\u00e9t bor\u00e1szat k\u00e9pviselte. Az esem\u00e9ny f\u0151szervez\u0151je a Sz\u00e9kelyf\u00f6ldi Gazdaszervezetek Egyes\u00fclete \u00e9s a Magyar Agr\u00e1rminiszt\u00e9rium volt. A nagyszab\u00e1s\u00fa K\u00e1rp\u00e1t-medencei gasztron\u00f3miai tal\u00e1lkoz\u00f3 keret\u00e9ben borutc\u00e1val, k\u00e9zm\u0171ves \u00e9lelmiszer mustr\u00e1val, valamint bor\u00e1szati mesterkurzusokkal v\u00e1rt\u00e1k az odal\u00e1togat\u00f3kat. A gazdag kult\u00farprogramokkal, koncertekkel tark\u00edtott h\u00e1rom napos rendezv\u00e9nyen t\u00f6bb 1.000 l\u00e1togat\u00f3 vett r\u00e9szt, f\u0151leg Sz\u00e9kelyf\u00f6ldr\u0151l.<\/p>\n\n\n\n<p>Felvid\u00e9k k\u00e9pviselet\u00e9ben Ge\u00f6ncze\u00f6l Attila, a Szlov\u00e1kiai Magyar Bor\u00e1szok Polg\u00e1ri T\u00e1rsul\u00e1s\u00e1nak eln\u00f6ke, valamint Pereszl\u00e9nyi Csaba, a Szlov\u00e1kiai Agr\u00e1rkamara falugazd\u00e1sza, egyben a felvid\u00e9ki bor\u00e1szok k\u00e9pvisel\u0151je n\u00e9gy bor\u00e1szatot mutatott be: a Csernus bor\u00e1szatot Ipolyny\u00e9kr\u0151l, a Borvin bor\u00e1szatot B\u00e1torkeszir\u0151l, a Zalaba bor\u00e1szatot Muzsl\u00e1r\u00f3l, a Ge\u00f6ncze\u00f6l pinc\u00e9t Garamk\u00f6vesdr\u0151l. Varga P\u00e9ter, a Gazda PT eln\u00f6k\u00e9nek k\u00e9pviselet\u00e9ben pedig tov\u00e1bbi h\u00e1rom bor\u00e1szat mutatta be borait: a Pal\u00edk Pinc\u00e9szet Peszektergeny\u00e9r\u0151l, a Kovil bor\u00e1szat Dunamocsr\u00f3l \u00e9s a H&amp;V bor\u00e1szat Muzsl\u00e1r\u00f3l.<\/p>\n\n\n\n<p>A felvid\u00e9ki borok k\u00f6z\u00fcl a l\u00e1togat\u00f3k kimondottan megkedvelt\u00e9k a \u201ePeszeki Le\u00e1nyka\u201d-t, a \u201eSzent L\u0151rinc\u201d-t \u00e9s a \u201eDunaj\u201d-t. A legut\u00f3bbit t\u00f6bb k\u00f3stol\u00f3 is a rendezv\u00e9ny legjobb v\u00f6r\u00f6sbor\u00e1nak titul\u00e1lta. Sokan nem ismert\u00e9k Felvid\u00e9ken legnagyobb mennyis\u00e9gben termesztett sz\u0151l\u0151fajt\u00e1t sem, a z\u00f6ld veltelinit.<\/p>\n\n\n\n<p>Mint azt Ge\u00f6ncze\u00f6l Attila elmondta: \u201c<em>Fontos, hogy megismertess\u00fck borainkat az anyaorsz\u00e1gban \u00e9s a k\u00fclhoni r\u00e9gi\u00f3kban egyar\u00e1nt, ez\u00e1ltal is er\u0151s\u00edtve \u00f6sszetartoz\u00e1sunkat, valamint a Felvid\u00e9k gasztron\u00f3miai \u00e9rt\u00e9keinek n\u00e9pszer\u0171s\u00e9g\u00e9t<\/em>. <em>A felvid\u00e9ki bor\u00e1szok kiv\u00e1l\u00f3 borokat k\u00e9sz\u00edtenek, viszont egy-p\u00e1r nagyobb v\u00e1llalkoz\u00e1son k\u00edv\u00fcl sz\u00fcks\u00e9g van a kisebb bor\u00e1szok k\u00f6z\u00f6s propag\u00e1l\u00e1s\u00e1ra, \u00e9rdekk\u00e9pviselet\u00e9re, hogy nemzetk\u00f6zi szinten is megismerj\u00e9k \u0151ket, keress\u00e9k a boraikat, term\u00e9keiket.<\/em>\u201d<\/p>\n\n\n\n<p>Ebben v\u00e1llalt meghat\u00e1roz\u00f3 szerepet a Szlov\u00e1kiai Magyar Bor\u00e1szok Polg\u00e1ri T\u00e1rsul\u00e1sa, amely a Schams Ferenc Terv keret\u00e9n bel\u00fcl id\u00e9n l\u00e9trehozza a felvid\u00e9ki bor\u00e1szok k\u00f6zponti weboldal\u00e1t, tov\u00e1bb\u00e1 kialak\u00edtja a p\u00e1rk\u00e1nyi sz\u00e9khely\u0171 Borok H\u00e1z\u00e1t, amely bemutat\u00f3teremk\u00e9nt, borszak\u00fczletk\u00e9nt \u00e9s inform\u00e1ci\u00f3s k\u00f6zpontk\u00e9nt fogja v\u00e1rni a borkedvel\u0151 k\u00f6z\u00f6ns\u00e9get. Ezen k\u00edv\u00fcl bor\u00e1szati tanfolyamokat rendez az orsz\u00e1g t\u00f6bb ter\u00fclet\u00e9n, melynek els\u0151 helysz\u00edne Bodrogszerdahely volt, a k\u00f6vetkez\u0151 pedig j\u00faniusban, Ipolyny\u00e9ken ker\u00fcl megrendez\u00e9sre.<\/p>\n\n\n\n<p><em>Pereszl\u00e9nyi Csaba, Falugazd\u00e1sz<\/em><\/p>","protected":false},"excerpt":{"rendered":"<p>A Felvid\u00e9ket h\u00e9t bor\u00e1szat k\u00e9pviselte. Az esem\u00e9ny f\u0151szervez\u0151je a Sz\u00e9kelyf\u00f6ldi Gazdaszervezetek Egyes\u00fclete \u00e9s a Magyar Agr\u00e1rminiszt\u00e9rium volt.<\/p>","protected":false},"author":1,"featured_media":856,"comment_status":"open","ping_status":"open","sticky":false,"template":"","format":"standard","meta":{"footnotes":""},"categories":[17],"tags":[],"class_list":["post-852","post","type-post","status-publish","format-standard","has-post-thumbnail","hentry","category-hirek"],"acf":[],"_links":{"self":[{"href":"https:\/\/www.felvidekiborasz.sk\/sk_sk\/wp-json\/wp\/v2\/posts\/852","targetHints":{"allow":["GET"]}}],"collection":[{"href":"https:\/\/www.felvidekiborasz.sk\/sk_sk\/wp-json\/wp\/v2\/posts"}],"about":[{"href":"https:\/\/www.felvidekiborasz.sk\/sk_sk\/wp-json\/wp\/v2\/types\/post"}],"author":[{"embeddable":true,"href":"https:\/\/www.felvidekiborasz.sk\/sk_sk\/wp-json\/wp\/v2\/users\/1"}],"replies":[{"embeddable":true,"href":"https:\/\/www.felvidekiborasz.sk\/sk_sk\/wp-json\/wp\/v2\/comments?post=852"}],"version-history":[{"count":3,"href":"https:\/\/www.felvidekiborasz.sk\/sk_sk\/wp-json\/wp\/v2\/posts\/852\/revisions"}],"predecessor-version":[{"id":855,"href":"https:\/\/www.felvidekiborasz.sk\/sk_sk\/wp-json\/wp\/v2\/posts\/852\/revisions\/855"}],"wp:featuredmedia":[{"embeddable":true,"href":"https:\/\/www.felvidekiborasz.sk\/sk_sk\/wp-json\/wp\/v2\/media\/856"}],"wp:attachment":[{"href":"https:\/\/www.felvidekiborasz.sk\/sk_sk\/wp-json\/wp\/v2\/media?parent=852"}],"wp:term":[{"taxonomy":"category","embeddable":true,"href":"https:\/\/www.felvidekiborasz.sk\/sk_sk\/wp-json\/wp\/v2\/categories?post=852"},{"taxonomy":"post_tag","embeddable":true,"href":"https:\/\/www.felvidekiborasz.sk\/sk_sk\/wp-json\/wp\/v2\/tags?post=852"}],"curies":[{"name":"wp","href":"https:\/\/api.w.org\/{rel}","templated":true}]}}